{"id":1098,"date":"2025-03-26T14:45:00","date_gmt":"2025-03-26T13:45:00","guid":{"rendered":"https:\/\/ecoledutaiji.eu\/?p=1098"},"modified":"2025-12-20T14:35:30","modified_gmt":"2025-12-20T13:35:30","slug":"du-17-au-23-aout-2025-stage-dete-de-tai-ji-quan","status":"publish","type":"post","link":"https:\/\/ecoledutaiji.eu\/index.php\/2025\/03\/26\/du-17-au-23-aout-2025-stage-dete-de-tai-ji-quan\/","title":{"rendered":"Du 17 au 23 ao\u00fbt 2025 stage d&rsquo;\u00e9t\u00e9 de Tai Ji Quan"},"content":{"rendered":"\n<p><strong>Du<\/strong> <strong>17 au 23 ao\u00fbt 2025 \u00e0 Dolus d\u2019Ol\u00e9ron.<\/strong><\/p>\n\n\n\n<p class=\"has-normal-font-size\"><strong>Stage d&rsquo;\u00e9t\u00e9 au grand air marin, abrit\u00e9 dans une for\u00eat.<\/strong><\/p>\n\n\n\n<hr class=\"wp-block-separator has-alpha-channel-opacity\"\/>\n\n\n\n<p>Comme \u00e0 chaque fois, ce stage sera un moment privil\u00e9gi\u00e9 pour go\u00fbter en profondeur la saveur du <strong>Tai ji quan, \u00ab&nbsp;art de Longue Vie&nbsp;\u00bb<\/strong>, et \u00ab&nbsp;<strong>Boxe de l\u2019Ombre&nbsp;\u00bb<\/strong> \u00e0 travers toutes ses facettes.<\/p>\n\n\n\n<p>C\u2019est l\u2019occasion pour toute personne motiv\u00e9e de progresser de fa\u00e7on significative dans sa qualit\u00e9 de pratique. C\u2019est la chance d\u2019une pratique dense qui permet d\u2019assimiler la profondeur de la pratique du Tai ji quan traditionnel.<\/p>\n\n\n\n<p><strong><em>Ce stage est accessible \u00e0 toute personne motiv\u00e9e ayant une ann\u00e9e de pratique (base 1).<\/em><\/strong><\/p>\n\n\n\n<p><strong><em>Chaque jour&nbsp;: pratique et repas en plein air et lieu ombrag\u00e9 ouvert. ( une salle de repli est disponible)<\/em><\/strong><\/p>\n\n\n\n<p>Avant le petit d\u00e9jeuner \u00e9veil corporel, \u00e9nerg\u00e9tique et m\u00e9ditatif. En journ\u00e9e&nbsp;: pratique pour tous niveaux du Tao lu classique de l\u2019\u00e9cole Yang, (Longue Forme), pratique avec partenaire (tui shou, applications martiales) et pratique avec arme selon niveaux.<\/p>\n\n\n\n<hr class=\"wp-block-separator has-alpha-channel-opacity\"\/>\n\n\n\n<p><strong>Animateur&nbsp;: ERIC CONTE<\/strong>, pratique les arts martiaux et \u00e9nerg\u00e9tiques depuis 1971, enseignant professionnel de TAI JI QUAN et QIGONG depuis 1986, 7<sup>\u00e8me <\/sup>duan Tai ji quan, dipl\u00f4m\u00e9 d\u2019Etat (D.E.J.E.P.S. Arts Energ\u00e9tiques Chinois), form\u00e9 au Tai ji quan avec Jean Gortais, Wong Tun ken, au travail de Wudang avec Yuan Li Min, enseignant-disciple de l\u2019\u00e9cole traditionnelle du Ziranmen de Me Liu De Ming. (infos sur&nbsp;:www ecoledutaiji.eu), formateur d\u2019enseignants.<\/p>\n\n\n\n<p><strong>Lieu : &nbsp;<em>Centre d&rsquo;accueil \u00ab\u00a0La Guinali\u00e8re\u00a0\u00bb Route de Boyardville 17550 &#8211; DOLUS D&rsquo;OLERON<\/em><\/strong><\/p>\n\n\n\n<p><em>(05 46 75 50 78 \/ mail: contact@laguinali\u00e8re.fr \/ site web <\/em><a href=\"http:\/\/www.laguinaliere.fr\"><em>www.laguinaliere.fr<\/em><\/a>)<\/p>\n\n\n\n<p><em>Grande b\u00e2tisse calme situ\u00e9e dans une for\u00eat, \u00e0 port\u00e9e des plages de l\u2019Ile d\u2019Ol\u00e9ron, prot\u00e9g\u00e9e de la canicule par le grand air marin.<\/em><\/p>\n\n\n\n<p><strong>Arriv\u00e9e le dimanche 17 ao\u00fbt avant le repas du soir, d\u00e9part le samedi 23 apr\u00e8s le repas de midi.<\/strong><\/p>\n\n\n\n<p><strong>Tarif pension\u00a0compl\u00e8te 6 jours\u00a0:\u00a0 <\/strong>en chambre double 390\u20ac PC, chambre individuelle\u00a0: 498\u20ac<\/p>\n\n\n\n<p>Des accompagnants peuvent venir et profiter du lieu. ( location de v\u00e9lo sur place)<\/p>\n\n\n\n<p><strong>Prix du stage\u00a0: <\/strong>adh\u00e9rents Ecole du Tai ji\u00a0: 340 \u20ac, ext\u00e9rieurs 380\u20ac.<\/p>\n\n\n\n<p><strong>Inscription<\/strong>&nbsp;: le plus t\u00f4t possible, par d\u00e9p\u00f4t de deux ch\u00e8ques distincts (pension, encaiss\u00e9 avant, et stage, encaiss\u00e9 apr\u00e8s) <strong>\u00e0 l\u2019ordre de Eric Conte<\/strong>, (3 rue Charles Baudelaire, 45400 Fleury les Aubrais).<\/p>\n\n\n\n<p>Covoiturage bien s\u00fbr qui s\u2019organise au fil du temps. Informations compl\u00e9mentaires au 06 87 17 40 46 ou courriel conteeric@wanadoo.fr<\/p>\n\n\n\n<p><\/p>\n","protected":false},"excerpt":{"rendered":"<p>Du 17 au 23 ao\u00fbt 2025 \u00e0 Dolus d\u2019Ol\u00e9ron. Stage d&rsquo;\u00e9t\u00e9 au grand air marin, abrit\u00e9 dans une for\u00eat. Comme \u00e0 chaque fois, ce stage sera un moment privil\u00e9gi\u00e9 pour go\u00fbter en profondeur la saveur &hellip;<\/p>\n","protected":false},"author":1,"featured_media":0,"comment_status":"closed","ping_status":"closed","sticky":false,"template":"","format":"standard","meta":{"footnotes":""},"categories":[5],"tags":[15,11],"class_list":["post-1098","post","type-post","status-publish","format-standard","hentry","category-activites","tag-stages","tag-tai-ji-quan"],"_links":{"self":[{"href":"https:\/\/ecoledutaiji.eu\/index.php\/wp-json\/wp\/v2\/posts\/1098","targetHints":{"allow":["GET"]}}],"collection":[{"href":"https:\/\/ecoledutaiji.eu\/index.php\/wp-json\/wp\/v2\/posts"}],"about":[{"href":"https:\/\/ecoledutaiji.eu\/index.php\/wp-json\/wp\/v2\/types\/post"}],"author":[{"embeddable":true,"href":"https:\/\/ecoledutaiji.eu\/index.php\/wp-json\/wp\/v2\/users\/1"}],"replies":[{"embeddable":true,"href":"https:\/\/ecoledutaiji.eu\/index.php\/wp-json\/wp\/v2\/comments?post=1098"}],"version-history":[{"count":6,"href":"https:\/\/ecoledutaiji.eu\/index.php\/wp-json\/wp\/v2\/posts\/1098\/revisions"}],"predecessor-version":[{"id":1170,"href":"https:\/\/ecoledutaiji.eu\/index.php\/wp-json\/wp\/v2\/posts\/1098\/revisions\/1170"}],"wp:attachment":[{"href":"https:\/\/ecoledutaiji.eu\/index.php\/wp-json\/wp\/v2\/media?parent=1098"}],"wp:term":[{"taxonomy":"category","embeddable":true,"href":"https:\/\/ecoledutaiji.eu\/index.php\/wp-json\/wp\/v2\/categories?post=1098"},{"taxonomy":"post_tag","embeddable":true,"href":"https:\/\/ecoledutaiji.eu\/index.php\/wp-json\/wp\/v2\/tags?post=1098"}],"curies":[{"name":"wp","href":"https:\/\/api.w.org\/{rel}","templated":true}]}}