{"id":1058,"date":"2025-02-08T17:00:00","date_gmt":"2025-02-08T16:00:00","guid":{"rendered":"https:\/\/ecoledutaiji.eu\/?p=1058"},"modified":"2025-02-09T19:22:33","modified_gmt":"2025-02-09T18:22:33","slug":"stage-de-taiji-quan-du-08-au-11-mai-2025","status":"publish","type":"post","link":"https:\/\/ecoledutaiji.eu\/index.php\/2025\/02\/08\/stage-de-taiji-quan-du-08-au-11-mai-2025\/","title":{"rendered":"Du 08 au 11 mai 2025 : stage de Taiji Quan"},"content":{"rendered":"\n<p><strong>&nbsp;&nbsp;&nbsp;&nbsp;&nbsp;&nbsp;&nbsp;&nbsp;&nbsp;&nbsp; &nbsp;&nbsp;&nbsp;&nbsp;&nbsp;&nbsp;&nbsp;&nbsp;<\/strong><\/p>\n\n\n\n<p class=\"has-large-font-size\"><strong>STAGE DE PRINTEMPS<\/strong> <strong><strong>du 08 au 11 mai 2025<\/strong><\/strong><\/p>\n\n\n\n<hr class=\"wp-block-separator has-alpha-channel-opacity\"\/>\n\n\n\n<p><strong> <\/strong>Comme \u00e0 chaque fois, ce stage sera un moment privil\u00e9gi\u00e9 pour go\u00fbter en profondeur la saveur du <strong>Tai ji quan, art de Longue Vie<\/strong>, et \u00ab&nbsp;<strong>boxe de l\u2019ombre<\/strong>&nbsp;\u00bb \u00e0 travers toutes ses facettes.<\/p>\n\n\n\n<p>C\u2019est l\u2019occasion pour toute personne motiv\u00e9e de progresser de fa\u00e7on significative dans sa qualit\u00e9 de pratique. C\u2019est la chance d\u2019une pratique dense qui permet d\u2019assimiler la profondeur de la pratique du Tai ji quan traditionnel.<\/p>\n\n\n\n<p>Avant le petit d\u00e9jeuner \u00e9veil corporel, \u00e9nerg\u00e9tique et m\u00e9ditatif. En journ\u00e9e&nbsp;: pratique pour tous niveaux du Tao lu classique de l\u2019\u00e9cole Yang, (Longue Forme), pratique avec partenaire (tui shou, applications martiales) et pratique avec b\u00e2ton selon niveaux.<\/p>\n\n\n\n<hr class=\"wp-block-separator has-alpha-channel-opacity\"\/>\n\n\n\n<p><strong>Animateur&nbsp;: ERIC CONTE <\/strong>7<sup>\u00e8me<\/sup> duan Tai ji quan, pratique les arts martiaux et \u00e9nerg\u00e9tiques depuis 1971, enseignant professionnel de TAI JI QUAN et QIGONG depuis 1986, dipl\u00f4m\u00e9 d\u2019Etat (D.E.J.E.P.S. arts \u00e9nerg\u00e9tiques chinois), form\u00e9 au Tai ji quan avec Jean Gortais, Wong Tun ken, au travail de Wudang avec Yuan Li Min, enseignant-disciple de l\u2019\u00e9cole traditionnelle du Ziran men de Me LIU Deming.<\/p>\n\n\n\n<p><strong>Organisation pr\u00e9vue\u00a0:<\/strong> arriv\u00e9e le 8 dans la matin\u00e9e, d\u00e9part le 11 apr\u00e8s midi.<\/p>\n\n\n\n<p><strong>Lieu :<\/strong> au Village vacances La Saulaie. RD 31, 37310 CHEDIGNY T\u00e9l : 02 47 92 51 46<\/p>\n\n\n\n<p><em>Pension compl\u00e8te 340\u20ac en chambre double avec SdB, possibilit\u00e9 de chambres individuelles tr\u00e8s restreintes, sur demande (avec suppl\u00e9ment 45\u20ac)<\/em>.<\/p>\n\n\n\n<p><strong>Prix du s<em>tage :<\/em><\/strong><em> 210\u20ac adh\u00e9rents, 250\u20ac ext\u00e9rieurs.<\/em><\/p>\n\n\n\n<p><em>Inscription avant le 1<sup>er<\/sup> avril par deux ch\u00e8ques libell\u00e9s \u00e0 Eric Conte, celui de pension encaiss\u00e9 d\u00e9but avril, l\u2019autre apr\u00e8s le stage.<\/em><\/p>\n","protected":false},"excerpt":{"rendered":"<p>&nbsp;&nbsp;&nbsp;&nbsp;&nbsp;&nbsp;&nbsp;&nbsp;&nbsp;&nbsp; &nbsp;&nbsp;&nbsp;&nbsp;&nbsp;&nbsp;&nbsp;&nbsp; STAGE DE PRINTEMPS du 08 au 11 mai 2025 Comme \u00e0 chaque fois, ce stage sera un moment privil\u00e9gi\u00e9 pour go\u00fbter en profondeur la saveur du Tai ji quan, art de Longue Vie, &hellip;<\/p>\n","protected":false},"author":1,"featured_media":0,"comment_status":"closed","ping_status":"closed","sticky":false,"template":"","format":"standard","meta":{"footnotes":""},"categories":[5],"tags":[15,11],"class_list":["post-1058","post","type-post","status-publish","format-standard","hentry","category-activites","tag-stages","tag-tai-ji-quan"],"_links":{"self":[{"href":"https:\/\/ecoledutaiji.eu\/index.php\/wp-json\/wp\/v2\/posts\/1058","targetHints":{"allow":["GET"]}}],"collection":[{"href":"https:\/\/ecoledutaiji.eu\/index.php\/wp-json\/wp\/v2\/posts"}],"about":[{"href":"https:\/\/ecoledutaiji.eu\/index.php\/wp-json\/wp\/v2\/types\/post"}],"author":[{"embeddable":true,"href":"https:\/\/ecoledutaiji.eu\/index.php\/wp-json\/wp\/v2\/users\/1"}],"replies":[{"embeddable":true,"href":"https:\/\/ecoledutaiji.eu\/index.php\/wp-json\/wp\/v2\/comments?post=1058"}],"version-history":[{"count":10,"href":"https:\/\/ecoledutaiji.eu\/index.php\/wp-json\/wp\/v2\/posts\/1058\/revisions"}],"predecessor-version":[{"id":1075,"href":"https:\/\/ecoledutaiji.eu\/index.php\/wp-json\/wp\/v2\/posts\/1058\/revisions\/1075"}],"wp:attachment":[{"href":"https:\/\/ecoledutaiji.eu\/index.php\/wp-json\/wp\/v2\/media?parent=1058"}],"wp:term":[{"taxonomy":"category","embeddable":true,"href":"https:\/\/ecoledutaiji.eu\/index.php\/wp-json\/wp\/v2\/categories?post=1058"},{"taxonomy":"post_tag","embeddable":true,"href":"https:\/\/ecoledutaiji.eu\/index.php\/wp-json\/wp\/v2\/tags?post=1058"}],"curies":[{"name":"wp","href":"https:\/\/api.w.org\/{rel}","templated":true}]}}